{"id":2630,"date":"2023-08-26T09:29:02","date_gmt":"2023-08-26T07:29:02","guid":{"rendered":"http:\/\/www.pd8.it\/web\/?p=2630"},"modified":"2023-08-26T09:29:41","modified_gmt":"2023-08-26T07:29:41","slug":"la-non-autosufficienza-e-la-nuova-frontiera-della-sanita","status":"publish","type":"post","link":"https:\/\/www.pd8.it\/web\/2023\/08\/la-non-autosufficienza-e-la-nuova-frontiera-della-sanita\/","title":{"rendered":"La non autosufficienza \u00e8 la nuova frontiera della sanit\u00e0"},"content":{"rendered":"\n<figure class=\"wp-block-image size-full\"><a href=\"http:\/\/www.pd8.it\/web\/wp-content\/uploads\/2023\/08\/5276018e-ec8d-48c8-8594-0888e1e2333b.jpeg\"><img loading=\"lazy\" decoding=\"async\" width=\"1024\" height=\"1024\" src=\"http:\/\/www.pd8.it\/web\/wp-content\/uploads\/2023\/08\/5276018e-ec8d-48c8-8594-0888e1e2333b.jpeg\" alt=\"\" class=\"wp-image-2631\" srcset=\"https:\/\/www.pd8.it\/web\/wp-content\/uploads\/2023\/08\/5276018e-ec8d-48c8-8594-0888e1e2333b.jpeg 1024w, https:\/\/www.pd8.it\/web\/wp-content\/uploads\/2023\/08\/5276018e-ec8d-48c8-8594-0888e1e2333b-300x300.jpeg 300w, https:\/\/www.pd8.it\/web\/wp-content\/uploads\/2023\/08\/5276018e-ec8d-48c8-8594-0888e1e2333b-150x150.jpeg 150w, https:\/\/www.pd8.it\/web\/wp-content\/uploads\/2023\/08\/5276018e-ec8d-48c8-8594-0888e1e2333b-768x768.jpeg 768w\" sizes=\"auto, (max-width: 1024px) 100vw, 1024px\" \/><\/a><\/figure>\n\n\n\n<p>Riceviamo e volentieri pubblichiamo, il tema \u00e8 assolutamente attuale. <\/p>\n\n\n\n<p>In una Regione anziana come il Piemonte,** le politiche per le persone non autosufficienti <strong>sono un settore strategico per garantire <em>la sostenibilit\u00e0 della sanit\u00e0 e del welfare<\/em>. Tuttavia, oggi buona parte delle cure per queste persone \u00e8 delegata alla famiglia, con effetti drammatici sull\u2019impoverimento economico, sulle dinamiche familiari quando l&#8217;impegno di assistenza diventa insostenibile, con la frequente rinuncia alla dimensione lavorativa, fino ai gravissimi rischi di solitudine e abbandono per i malati che non dispongono di solide reti sociali e familiari. La convinzione diffusa che l\u2019assistenza alle persone non autosufficienti sia compito della famiglia costituisce un serio problema culturale, che alimenta nelle famiglie un lacerante senso di abbandono. Il rischio pi\u00f9 grande \u00e8 quello di un vero e proprio fenomeno di<\/strong> \u201ceutanasia da abbandono\u201d:** pazienti cronici anziani, psichiatrici o con malattie neurodegenerative che non ricevono pi\u00f9 le cure necessarie.<br>La sanit\u00e0 e il welfare devono essere vicini a queste solitudini, rendendo le politiche per la non autosufficienza un diritto di cittadinanza, molto meglio di quanto abbia fatto la nuova legge 33\/2023.<br>Ospedale e medicina territoriale vanno integrati,<br>sanit\u00e0 e sociale devono viaggiare insieme,<br>le cure residenziali devono essere completate da <em>molte pi\u00f9 cure domiciliari.<\/em><\/p>\n\n\n\n<p>Puoi leggere l\u2019intero articolo cliccando su questo link \ud83d\udc47<\/p>\n\n\n\n<p>Monica Canalis<\/p>\n\n\n\n<p><a href=\"https:\/\/monicacanalis.it\/i-miei-articoli\/la-non-autosufficienza-e-la-nuova-frontiera-della-sanita\/\">https:\/\/monicacanalis.it\/i-miei-articoli\/la-non-autosufficienza-e-la-nuova-frontiera-della-sanita\/<\/a><\/p>\n","protected":false},"excerpt":{"rendered":"<p>Riceviamo e volentieri pubblichiamo, il tema \u00e8 assolutamente attuale. In una Regione anziana come il Piemonte,** le politiche per le persone non autosufficienti sono un settore strategico per garantire la sostenibilit\u00e0 della sanit\u00e0 e del welfare. Tuttavia, oggi buona parte delle cure per queste persone \u00e8 delegata alla famiglia, con effetti drammatici sull\u2019impoverimento economico, sulle [&hellip;]<\/p>\n","protected":false},"author":2,"featured_media":0,"comment_status":"closed","ping_status":"open","sticky":false,"template":"","format":"standard","meta":{"footnotes":""},"categories":[1,2],"tags":[],"class_list":["post-2630","post","type-post","status-publish","format-standard","hentry","category-laparolaailettori","category-vita-di-partito"],"_links":{"self":[{"href":"https:\/\/www.pd8.it\/web\/wp-json\/wp\/v2\/posts\/2630","targetHints":{"allow":["GET"]}}],"collection":[{"href":"https:\/\/www.pd8.it\/web\/wp-json\/wp\/v2\/posts"}],"about":[{"href":"https:\/\/www.pd8.it\/web\/wp-json\/wp\/v2\/types\/post"}],"author":[{"embeddable":true,"href":"https:\/\/www.pd8.it\/web\/wp-json\/wp\/v2\/users\/2"}],"replies":[{"embeddable":true,"href":"https:\/\/www.pd8.it\/web\/wp-json\/wp\/v2\/comments?post=2630"}],"version-history":[{"count":1,"href":"https:\/\/www.pd8.it\/web\/wp-json\/wp\/v2\/posts\/2630\/revisions"}],"predecessor-version":[{"id":2632,"href":"https:\/\/www.pd8.it\/web\/wp-json\/wp\/v2\/posts\/2630\/revisions\/2632"}],"wp:attachment":[{"href":"https:\/\/www.pd8.it\/web\/wp-json\/wp\/v2\/media?parent=2630"}],"wp:term":[{"taxonomy":"category","embeddable":true,"href":"https:\/\/www.pd8.it\/web\/wp-json\/wp\/v2\/categories?post=2630"},{"taxonomy":"post_tag","embeddable":true,"href":"https:\/\/www.pd8.it\/web\/wp-json\/wp\/v2\/tags?post=2630"}],"curies":[{"name":"wp","href":"https:\/\/api.w.org\/{rel}","templated":true}]}}